{"id":1965,"date":"2022-10-11T08:22:25","date_gmt":"2022-10-11T08:22:25","guid":{"rendered":"https:\/\/ladorec.hu\/?p=1965"},"modified":"2025-07-11T08:36:05","modified_gmt":"2025-07-11T08:36:05","slug":"ertekteremtes-hulladekbol","status":"publish","type":"post","link":"https:\/\/ladorec.hu\/de\/ertekteremtes-hulladekbol\/","title":{"rendered":"\u00c9rt\u00e9kteremt\u00e9s hullad\u00e9kb\u00f3l"},"content":{"rendered":"<div id=\"cikkPage_1\" class=\"cikkpage\">\n<p><span class=\"iniciale\">A<\/span> d\u00e9l-magyarorsz\u00e1gi Balotasz\u00e1ll\u00e1son m\u0171k\u00f6d\u0151 Lad\u00f3-Rec Kft. el\u0151dj\u00e9t 1992-ben egy ma m\u00e1r nyugd\u00edjas h\u00e1zasp\u00e1r alap\u00edtotta, a kezdetekt\u0151l hullad\u00e9kbegy\u0171jt\u00e9ssel \u00e9s kereskedelemmel foglalkoztak. Ma m\u00e1r az orsz\u00e1g minden pontj\u00e1r\u00f3l sz\u00e1ll\u00edtanak hozz\u00e1juk pap\u00edr- \u00e9s m\u0171anyaghullad\u00e9kokat feldolgoz\u00e1sra, valamint iratokat megsemmis\u00edt\u00e9sre.<\/p>\n<p>Id\u0151k\u00f6zben egy nyugat-eur\u00f3pai m\u00e9rc\u00e9vel m\u00e9rve is korszer\u0171 \u00fczemet \u00e9p\u00edtettek fel, \u00e9s emberek tucatjainak adnak meg\u00e9lhet\u00e9st. \u00c9vente 15-16 ezer tonna \u00e1rut mozgatnak meg, 14 orsz\u00e1gba export\u00e1lnak. Legal\u00e1bb ennyire izgalmas, hogy mik\u00e9nt gondolkodnak a csal\u00e1di \u00e9rt\u00e9kekr\u0151l, a v\u00e1ltoz\u00e1sr\u00f3l \u00e9s a koroszt\u00e1lyok k\u00f6z\u00f6tti egy\u00fcttm\u0171k\u00f6d\u00e9sr\u0151l. A m\u00e1sodik gener\u00e1ci\u00f3 k\u00e9pvisel\u0151ivel, dr. Lad\u00f3czki M\u00e1ria \u00fcgyvezet\u0151vel, testv\u00e9r\u00e9vel, Lad\u00f3czki Istv\u00e1n \u00fcgyvezet\u0151, kereskedelmi vezet\u0151vel \u00e9s feles\u00e9g\u00e9vel, Lad\u00f3czki-Barab\u00e1s Brigitta, gazdas\u00e1gi \u00e9s adminisztr\u00e1ci\u00f3s vezet\u0151vel besz\u00e9lgett\u00fcnk.<\/p>\n<p><strong>Ha az ember t\u00f6bbgener\u00e1ci\u00f3s csal\u00e1di v\u00e1llalkoz\u00e1sokr\u00f3l hall \u2013 ami alapvet\u0151en egy felemel\u0151 dolog \u2013 aligha a hullad\u00e9kgazd\u00e1lkod\u00e1s az, amire els\u0151k\u00e9nt asszoci\u00e1lunk. Hogyan kezd\u0151d\u00f6tt az \u00f6n\u00f6k t\u00f6rt\u00e9nete, mi\u00e9rt ezt a ter\u00fcletet v\u00e1lasztott\u00e1k az <\/strong><strong>alap\u00edt\u00f3k?<\/strong><\/p>\n<p><em>dr. Lad\u00f3czki M\u00e1ria:<\/em> A sz\u00fcleink, Lad\u00f3czki Istv\u00e1n J\u00f3zsef \u00e9s feles\u00e9ge, M\u00e1ria alap\u00edtott\u00e1k a t\u00e1rsas\u00e1got, m\u00e9g 1992-ben, \u00e9s az els\u0151dleges c\u00e9ljuk a csal\u00e1d meg\u00e9lhet\u00e9s\u00e9nek biztos\u00edt\u00e1sa volt. Jelent\u0151s forr\u00e1sok \u00e9s hitel n\u00e9lk\u00fcl h\u00edvt\u00e1k \u00e9letre a bet\u00e9ti t\u00e1rsas\u00e1got, de mindenkor t\u00e1maszkodhattak er\u0151s akaratukra \u00e9s szorgalmukra. Nem vesz\u00e9lyes hullad\u00e9kok begy\u0171jt\u00e9s\u00e9vel, el\u0151kezel\u00e9s\u00e9vel, kereskedelm\u00e9vel foglalkoztak \u2013 egy Barkasszal kezdt\u00e9k \u2013, ehhez j\u00f6tt k\u00e9s\u0151bb a bizalmas iratok megsemmis\u00edt\u00e9se. 2012-ig akt\u00edvan r\u00e9szt vettek a t\u00e1rsas\u00e1g \u00e9let\u00e9ben, vezett\u00e9k a c\u00e9get. Akkor adt\u00e1k \u00e1t el\u0151re j\u00f3l megfontoltan a m\u00e1sodik gener\u00e1ci\u00f3nak, vagyis nek\u00fcnk a lehet\u0151s\u00e9get, amellyel igyeksz\u00fcnk j\u00f3l s\u00e1f\u00e1rkodni.<\/p>\n<p><img loading=\"lazy\" decoding=\"async\" class=\"size-full wp-image-1967 aligncenter\" src=\"https:\/\/ladorec.hu\/wp-content\/uploads\/2025\/07\/lado_rec_cegtulajdonosok_alapitok_lf.jpg\" alt=\"\" width=\"606\" height=\"454\" srcset=\"https:\/\/ladorec.hu\/wp-content\/uploads\/2025\/07\/lado_rec_cegtulajdonosok_alapitok_lf.jpg 606w, https:\/\/ladorec.hu\/wp-content\/uploads\/2025\/07\/lado_rec_cegtulajdonosok_alapitok_lf-300x225.jpg 300w, https:\/\/ladorec.hu\/wp-content\/uploads\/2025\/07\/lado_rec_cegtulajdonosok_alapitok_lf-16x12.jpg 16w, https:\/\/ladorec.hu\/wp-content\/uploads\/2025\/07\/lado_rec_cegtulajdonosok_alapitok_lf-100x75.jpg 100w, https:\/\/ladorec.hu\/wp-content\/uploads\/2025\/07\/lado_rec_cegtulajdonosok_alapitok_lf-480x360.jpg 480w\" sizes=\"(max-width:767px) 480px, 606px\" \/><\/p>\n<p style=\"text-align: center;\"><em>Az alap\u00edt\u00f3k \u00e9s a m\u00e1sodik gener\u00e1ci\u00f3<\/em><\/p>\n<p><strong>\u00d6r\u00fcl\u00f6k, hogy ezt sz\u00f3ba hozta, hiszen minden csal\u00e1di v\u00e1llalkoz\u00e1sn\u00e1l az egyik kardin\u00e1lis k\u00e9rd\u00e9s a hossz\u00fa t\u00e1v\u00fa \u00e9rt\u00e9kmeg\u0151rz\u00e9s, a l\u00e9trehozott csal\u00e1di vagyon \u00e9s tud\u00e1s tov\u00e1bb\u00f6r\u00f6k\u00edt\u00e9se a k\u00f6vetkez\u0151 gener\u00e1ci\u00f3knak. \u00d6n\u00f6kn\u00e9l ez a t\u00edz \u00e9vvel ezel\u0151tti \u201e\u00e1tad\u00e1s-\u00e1tv\u00e9tel\u201d g\u00f6rd\u00fcl\u00e9kenyen ment?<\/strong><\/p>\n<p><em>dr. Lad\u00f3czki M\u00e1ria<\/em><em>:<\/em> Ma nagyon sokat hallani a gener\u00e1ci\u00f3v\u00e1lt\u00e1sr\u00f3l, amit choach-ok, \u00fcgyv\u00e9dek,<\/p>\n<table class=\"tab_kiemeles_idezet\" border=\"0\" cellspacing=\"0\" cellpadding=\"0\">\n<tbody>\n<tr>\n<td class=\"kiemeles_title\" align=\"left\" valign=\"bottom\">LAD\u00d3CZKI-BARAB\u00c1S BRIGITTA<\/td>\n<\/tr>\n<tr>\n<td class=\"kiemeles_idezet\" align=\"left\" valign=\"top\">&#8222;N\u00e9metorsz\u00e1gban, Olaszorsz\u00e1gban a h\u00e1bor\u00fa ut\u00e1n alap\u00edtott c\u00e9gek m\u00e1r az \u00f6t\u00f6dik vagy ak\u00e1r hatodik gener\u00e1ci\u00f3n\u00e1l tartanak, b\u0151ven van tapasztalatuk ezen a t\u00e9ren, de ez m\u00e9g ott is sokszor kr\u00edzist \u00e9s stresszt jelent.&#8221;<\/td>\n<\/tr>\n<\/tbody>\n<\/table>\n<p>pszichol\u00f3gusok t\u00e1mogatnak, n\u00e1lunk err\u0151l nem volt sz\u00f3. Annyi tudatoss\u00e1got belevitt\u00fcnk, hogy a testv\u00e9rem, Istv\u00e1n m\u00e1r a v\u00e1lt\u00e1s tervezett id\u0151pontja el\u0151tt h\u00e1rom \u00e9vvel bekapcsol\u00f3dott a c\u00e9g munk\u00e1j\u00e1ba, \u00edgy rengeteget tanult. Az el\u0151zetes \u00fctemtervnek megfelel\u0151en 2012-t\u0151l kezdve a sz\u00fcleink a tov\u00e1bbiakban m\u00e1r nem j\u00e1rtak be az \u00fczembe, az ir\u00e1ny\u00edt\u00e1st teljes k\u00f6r\u0171en meghagyt\u00e1k nek\u00fcnk.<\/p>\n<p><strong>Elfogadt\u00e1k az \u00f6n\u00f6k d\u00f6nt\u00e9seit? Az \u00faj met\u00f3dusokat, a komputeres vil\u00e1got, a rendszerszeml\u00e9letet? A mai napig eml\u00e9kszem b\u0151ven k\u00f6z\u00e9pkor\u00fa ap\u00e1m r\u00e9m\u00fclet\u00e9re, amikor a munkahely\u00e9n \u00e1t\u00e1lltak a sz\u00e1m\u00edt\u00f3g\u00e9pes nyilv\u00e1ntart\u00e1sra. <\/strong><\/p>\n<p><em>Lad\u00f3czki Istv\u00e1n:<\/em> Az \u00e1tmenet h\u00e1rom \u00e9ve az eddigi p\u00e1lyafut\u00e1som legnehezebb id\u0151szaka volt; z\u00f6ldf\u00fcl\u0171k\u00e9nt azt \u00e9reztem, nagy lehet\u0151s\u00e9g kapuj\u00e1ban \u00e1llok, ugyanakkor sz\u00e1mos koll\u00e9ga eset\u00e9n hasonl\u00f3, m\u00e9lyen meggy\u00f6keresedetett szok\u00e1sokkal tal\u00e1lkoztam. Ap\u00e1mmal nem voltak\u00a0igazi konfliktusaink, mert bevont a folyamatokba, mindenr\u0151l kaptam inform\u00e1ci\u00f3t. Ahogy ment\u00fcnk el\u0151re az id\u0151ben, egyre t\u00f6bb mindent \u00e9rtettem, \u00e9s ak\u00e1r lehettek volna \u00f6ssze\u00fctk\u00f6z\u00e9seink is, de nagyon j\u00f3l tudtuk toler\u00e1lni egym\u00e1s h\u00f3bortjait. Ap\u00e1m ezen a t\u00e9ren is megel\u0151zte kor\u00e1t, ami\u00e9rt akkor is \u00e9s most is nagyon tiszteltem, illetve tisztelem.<\/p>\n<p><em>dr. Lad\u00f3czki M\u00e1ria<\/em><em>:<\/em> Ezzel egy\u00fctt az els\u0151 id\u0151ket senkinek sem k\u00edv\u00e1nom; am\u00edg nem volt c\u00e9ges strukt\u00fara, a testv\u00e9remmel ketten voltunk a logisztikusok, a HR-esek, a k\u00f6nyvel\u0151k, a fuvarszervez\u0151k \u00e9s minden egy\u00e9b is. Mindezeket nek\u00fcnk kellett fokozatosan ki\u00e9p\u00edteni.<\/p>\n<p><strong>Szerencs\u00e9s az, aki \u2013 f\u0151k\u00e9nt, ha csal\u00e1di v\u00e1llalkoz\u00e1sr\u00f3l van sz\u00f3 \u2013 az akt\u00edv p\u00e1ly\u00e1ja v\u00e9ge fel\u00e9 \u00e1tadhatja gyermekeinek az \u00e1ltala ki\u00e9p\u00edtett c\u00e9get. Az alap\u00edt\u00f3k ugyanakkor b\u00fcszk\u00e9k arra, amit l\u00e9trehoztak, gyakran sz\u00f3 szerint a k\u00e9t kez\u00fck munk\u00e1j\u00e1val. Az \u00e9desapjuk el tudta engedni az \u201eezt itt n\u00e9lk\u00fclem mind nem lenne, \u00e9s \u00e9n tudom igaz\u00e1n, hogy hogyan kell ezt a c\u00e9get vezetni\u201d \u00e9rz\u00e9st?<\/strong><\/p>\n<p><em>Lad\u00f3czki Istv\u00e1n:<\/em> Igen, az alap\u00edt\u00f3k sokszor egoist\u00e1k ebben az \u00e9rtelemben, de ap\u00e1m ezt tudatosan le\u00e9p\u00edtette, \u00e9s \u00e1tadta a c\u00e9get. A mi c\u00e9lunk az volt, hogy egy folyamatvez\u00e9relt szervezetet hozzunk l\u00e9tre, csapatot \u00e9p\u00edtett\u00fcnk, vezet\u0151ket nevelt\u00fcnk ki, az el\u0151\u00edr\u00e1soknak<\/p>\n<table class=\"tab_kiemeles_idezet\" border=\"0\" cellspacing=\"0\" cellpadding=\"0\">\n<tbody>\n<tr>\n<td class=\"kiemeles_title\" align=\"left\" valign=\"bottom\">LAD\u00d3CZKI ISTV\u00c1N<\/td>\n<\/tr>\n<tr>\n<td class=\"kiemeles_idezet\" align=\"left\" valign=\"top\">&#8222;Arra vagyok a legb\u00fcszk\u00e9bb, hogy az \u00f6r\u00f6ks\u00e9get meg\u0151rizt\u00fck, felhelyezt\u00fck a c\u00e9get az ipar\u00e1g t\u00e9rk\u00e9p\u00e9re, meg\u00e1lljuk a hely\u00fcnket kem\u00e9ny piaci k\u00f6r\u00fclm\u00e9nyek k\u00f6z\u00f6tt, mindezt nagyszer\u0171 munkat\u00e1rsainkkal egy\u00fctt.&#8221;<\/td>\n<\/tr>\n<\/tbody>\n<\/table>\n<p>megfelel\u0151en folyamatosan fejlesztett\u00fck a technol\u00f3gi\u00e1t annak \u00e9rdek\u00e9ben, hogy egys\u00e9gnyi id\u0151 alatt min\u00e9l t\u00f6bb hullad\u00e9kot tudjunk kezelni, magyarul a hat\u00e9konys\u00e1got csupa nagybet\u0171vel akartuk \u00edrni. Ap\u00e1m \u00e9s kollekt\u00edv\u00e1ja f\u00e9lszavakb\u00f3l is \u00e9rtette egym\u00e1st, mi viszont m\u00e9rt adatokat akartunk l\u00e1tni; mikor, hova \u00e9s milyen s\u00fallyal megy az aut\u00f3, milyen min\u0151s\u00e9get \u00e1ll\u00edtunk el\u0151, pontosan mib\u0151l, stb. A ma m\u00e1r kifejezetten \u00e9rt\u00e9kes m\u00e1sodnyersanyagok exportj\u00e1t is elkezdt\u00fck, aminek a fenntarthat\u00f3s\u00e1g szempontj\u00e1b\u00f3l \u00f3ri\u00e1si jelent\u0151s\u00e9ge van. Megl\u00e1togattunk egy sor k\u00fclf\u00f6ldi partnert is, tapasztalatot gy\u0171jt\u00f6tt\u00fcnk, \u00e9s szerz\u0151dt\u00fcnk vel\u00fck, de ehhez is struktur\u00e1lt folyamatokra volt \u00e9s van sz\u00fcks\u00e9g.<strong>\u00a0<\/strong><\/p>\n<p><strong>\u00c9l\u00e9nken \u00e9l \u00f6n\u00f6kben a gener\u00e1ci\u00f3v\u00e1lt\u00e1s tanuls\u00e1ga. Van strat\u00e9gi\u00e1juk arra vonatkoz\u00f3an, hogy amikor majd elj\u00f6n az id\u0151, mik\u00e9nt adj\u00e1k tov\u00e1bb a staf\u00e9t\u00e1t?<\/strong><\/p>\n<p><em>Lad\u00f3czki Istv\u00e1n:<\/em> Nagyon impon\u00e1l\u00f3 sz\u00e1munkra az, amit Nyugat-Eur\u00f3p\u00e1ban l\u00e1ttunk; esetenk\u00e9nt sz\u00e1z \u00e9ve l\u00e9tez\u0151 c\u00e9gek alkalmazkodnak a folyamatosan v\u00e1ltoz\u00f3 k\u00f6rnyezethez, \u00e9s sikerrel helyt \u00e1llnak. Gener\u00e1ci\u00f3kon \u00edvel \u00e1t az a v\u00edzi\u00f3, amit valamikor valaki meg\u00e1lmodott. K\u00e9t kisfiunk \u00e9s egy kisl\u00e1nyunk van, ut\u00f3bbi mind\u00f6ssze n\u00e9gy h\u00f3napos. A nagyobbik fiam is csak n\u00e9gy \u00e9ves, de \u00e9pp a napokban mondta nekem: \u201eApa, ha majd felk\u00e9sz\u00fcltem, szeretn\u00e9k dolgozni a Lad\u00f3-man\u00f3ban.\u201d (Ezzel a c\u00e9g log\u00f3j\u00e1ban l\u00e1that\u00f3 man\u00f3ra utalt. \u2013 <em>A szerk<\/em>.). Nem titkolom, hogy megdobogtatta a sz\u00edvemet, de akkor sem lenn\u00e9k elkeseredve, ha majd egyszer egy k\u00fcls\u0151s, profi menedzsment vezetn\u00e9 a c\u00e9get, persze \u00fagy, hogy a c\u00e9gkult\u00far\u00e1nk alapvet\u0151 \u00e9rt\u00e9keivel azonosulni tudna. Sz\u00e1munkra nem a profitelv\u00e1r\u00e1s a legfontosabb, hanem a csal\u00e1dias c\u00e9gkult\u00fara \u00e9s a felel\u0151ss\u00e9gv\u00e1llal\u00e1s egym\u00e1s\u00e9rt, nem mell\u00e9kesen a F\u00f6ld\u00fcnk j\u00f6v\u0151j\u00e9\u00e9rt.<\/p>\n<p><em>Lad\u00f3czki-Barab\u00e1s Brigitta:<\/em> Magyarorsz\u00e1gon hi\u00e1nyzik a gener\u00e1ci\u00f3v\u00e1lt\u00e1s szakirodalma. Rendben, hogy a nyugd\u00edjba vonul\u00f3 alap\u00edt\u00f3k \u00e1tadj\u00e1k a c\u00e9get \u00e9s vele a tud\u00e1sukat, a kapcsolatrendszer\u00fcket. De ki veszi \u00e1t? Ha t\u00f6bb testv\u00e9r, akkor kinek mi lesz a szerepe? \u00c9s milyen m\u00f3don vehetik ki a r\u00e9sz\u00fcket az \u00f6r\u00f6k\u00f6s\u00f6k h\u00e1zast\u00e1rsai, akik sok esetben m\u00e1r \u00e9vek \u00f3ta k\u00e9sz\u00fclnek az \u0151rs\u00e9gv\u00e1lt\u00e1sra, de pro forma nem az \u00f6v\u00e9k lesz a c\u00e9g. N\u00e9metorsz\u00e1gban, Olaszorsz\u00e1gban a h\u00e1bor\u00fa ut\u00e1n alap\u00edtott c\u00e9gek m\u00e1r az \u00f6t\u00f6dik vagy ak\u00e1r hatodik gener\u00e1ci\u00f3n\u00e1l tartanak, b\u0151ven van tapasztalatuk ezen a t\u00e9ren, de ez m\u00e9g ott is sokszor kr\u00edzist \u00e9s stresszt jelent. Mindez a nemzeti saj\u00e1toss\u00e1gok miatt csak korl\u00e1tozottan adapt\u00e1lhat\u00f3 a magyar viszonyokra.<\/p>\n<p><em>Lad\u00f3czki Istv\u00e1n:<\/em> Mi a m\u00e1sodik gener\u00e1ci\u00f3 vagyunk. Annak, aki az els\u0151 gener\u00e1ci\u00f3t\u00a0k\u00e9pviseli, \u00e9s most adja \u00e1t a c\u00e9g\u00e9t, lenne n\u00e9h\u00e1ny tan\u00e1csom: \u00e9rdemes tiszt\u00e1zni,\u00a0hogy a v\u00e1rom\u00e1nyos ifjaknak<\/p>\n<table class=\"tab_kiemeles_idezet\" border=\"0\" cellspacing=\"0\" cellpadding=\"0\">\n<tbody>\n<tr>\n<td class=\"kiemeles_title\" align=\"left\" valign=\"bottom\">DR. LAD\u00d3CZKI M\u00c1RIA<\/td>\n<\/tr>\n<tr>\n<td class=\"kiemeles_idezet\" align=\"left\" valign=\"top\">&#8222;A sz\u00fcleinkt\u0151l kaptunk egy nagyon fontos \u00fatraval\u00f3t: ha j\u00f3l csin\u00e1lj\u00e1tok, az a ti \u00e9rdemetek, de akkor sincs baj, ha valami f\u00e9lre siker\u00fcl, \u00e1m \u00e9rdemes bel\u0151le tanulni.&#8221;<\/td>\n<\/tr>\n<\/tbody>\n<\/table>\n<p>van-e vasakaratuk, szorgalmuk, kitart\u00e1suk \u00e9s persze a sz\u00fcks\u00e9ges kompetenci\u00e1juk. Az \u00f6r\u00f6ks\u00e9g \u00e1tad\u00e1sa, a gener\u00e1ci\u00f3v\u00e1lt\u00e1s csak akkor fog m\u0171k\u00f6dni, ha adva van mindezek kombin\u00e1ci\u00f3ja. Sokan azt gondolj\u00e1k, hogy egy j\u00f3l bej\u00e1ratott c\u00e9g eset\u00e9ben el\u00e9g be\u00fclni a vez\u00e9rigazgat\u00f3i sz\u00e9kbe, \u00e9s minden megy majd mag\u00e1t\u00f3l. De ez t\u00e1volr\u00f3l sincs \u00edgy! Nek\u00fcnk is bele kell tenn\u00fcnk a sz\u00edv\u00fcnket, lelk\u00fcnket. M\u00e9g egy dolog: kell egy tudatos v\u00edzi\u00f3, elk\u00e9pzel\u00e9s, amit az \u00f6r\u00f6k\u00f6s\u00f6k m\u00e9g az alap\u00edt\u00f3k el\u0151tt is teljesen vil\u00e1gosan \u00e9s hat\u00e1rozottan k\u00e9pviselni tudnak, \u00e9s eredm\u00e9nyesen \u00e9rv\u00e9nyre is juttatj\u00e1k.<\/p>\n<p><strong><img loading=\"lazy\" decoding=\"async\" class=\"alignnone size-full wp-image-1969\" src=\"https:\/\/ladorec.hu\/wp-content\/uploads\/2025\/07\/plastic_recycling_bin.jpg\" alt=\"\" width=\"602\" height=\"452\" srcset=\"https:\/\/ladorec.hu\/wp-content\/uploads\/2025\/07\/plastic_recycling_bin.jpg 602w, https:\/\/ladorec.hu\/wp-content\/uploads\/2025\/07\/plastic_recycling_bin-300x225.jpg 300w, https:\/\/ladorec.hu\/wp-content\/uploads\/2025\/07\/plastic_recycling_bin-16x12.jpg 16w, https:\/\/ladorec.hu\/wp-content\/uploads\/2025\/07\/plastic_recycling_bin-100x75.jpg 100w, https:\/\/ladorec.hu\/wp-content\/uploads\/2025\/07\/plastic_recycling_bin-480x360.jpg 480w\" sizes=\"(max-width:767px) 480px, 602px\" \/><\/strong><\/p>\n<p><strong>Ami \u00f3hatatlanul v\u00e9lem\u00e9nyk\u00fcl\u00f6nbs\u00e9get, konfliktust eredm\u00e9nyez. <\/strong><\/p>\n<p><em>Lad\u00f3czki Istv\u00e1n:<\/em> Igen, ez val\u00f3ban \u00edgy van. De ahogy az alap\u00edt\u00f3k l\u00e1tj\u00e1k, hogy j\u00f3 ir\u00e1nyba haladnak a dolgok, \u0151k is megnyugszanak majd. Ez mondjuk val\u00f3ban id\u0151be telik.<\/p>\n<p><em>Brigitta Lad\u00f3czki-Barab\u00e1s<\/em><em>:<\/em> A sikeres gener\u00e1ci\u00f3v\u00e1lt\u00e1snak m\u00e1s az el\u0151felt\u00e9tele, ha az ember egy egyszem\u00e9lyes v\u00e1llalkoz\u00e1st \u00f6r\u00f6k\u00edt tov\u00e1bb, \u00e9s megint m\u00e1s, ha egy c\u00e9ges szervezeti strukt\u00far\u00e1ban m\u0171k\u00f6d\u0151 kiforrott v\u00e1llalkoz\u00e1st. \u00c1m mindk\u00e9t esetben elengedhetetlen, hogy az ut\u00f3dok nevel\u00e9se sor\u00e1n figyelembe vegy\u00e9k azt a komplexit\u00e1st, amit egy c\u00e9g ir\u00e1ny\u00edt\u00e1sa megk\u00f6vetel. \u00c9rtelemszer\u0171en: min\u00e9l nagyobb egy c\u00e9g, ann\u00e1l \u00f6sszetettebb lesz a feladat, amit a m\u00e1sodik, harmadik gener\u00e1ci\u00f3 \u00f6r\u00f6k\u00fcl kap.<\/p>\n<p><strong>J\u00f3 sok mindent felsoroltak. \u00d6n\u00f6kben megvolt mindez j\u00f3 t\u00edz \u00e9vvel ezel\u0151tt, amikor \u00e1tvett\u00e9k a c\u00e9get? <\/strong><\/p>\n<p><em>dr. Lad\u00f3czki M\u00e1ria<\/em><em>:<\/em> Soha nem er\u0151ltettek semmit, nem mondt\u00e1k, hogy \u00e1t kell venni a c\u00e9get; a d\u00f6nt\u00e9st a mi kez\u00fcnkbe adt\u00e1k. Nekem nagyon sokat seg\u00edtett, hogy a testv\u00e9rem, Istv\u00e1n ott \u00e1llt mellettem, \u00e9s tudtam, hogy sz\u00e1m\u00edthatunk egym\u00e1sra.<\/p>\n<p><em>Lad\u00f3czki Istv\u00e1n:<\/em> Benn\u00fcnk megvolt a kell\u0151 amb\u00edci\u00f3 \u00e9s al\u00e1zat, a m\u00e1sik tisztelete a mindennapjaink r\u00e9sze. \u00dagy akarunk hossz\u00fa \u00e9vtizedeken kereszt\u00fcl tisztess\u00e9gesen meg\u00e9lni, hogy min\u0151s\u00e9get ny\u00fajtunk, amit fokozatosan \u00e9p\u00edtgett\u00fcnk, \u00e9p\u00edt\u00fcnk a mai napig is. A j\u00f6v\u0151 nagy k\u00e9rd\u00e9se, hogy ha majd nek\u00fcnk kell \u00e1tadni a v\u00e1llalkoz\u00e1st, a mi gyerekeink k\u00e9szen \u00e1llnak-e erre a feladatra. A neveltet\u00e9s\u00fck a mi dolgunk, de k\u00f6zben a kor, amiben szocializ\u00e1l\u00f3dnak, sajnos nagyon m\u00e1s, mint az a k\u00f6zeg, amelyben mi feln\u0151tt\u00fcnk.<\/p>\n<p><strong>Mire a legb\u00fcszk\u00e9bben, mi a legnagyobb siker\u00fck?<\/strong><\/p>\n<p><em>dr. Lad\u00f3czki M\u00e1ria<\/em><em>:<\/em> \u00c9pp a napokban k\u00e9rdeztem meg a koll\u00e9g\u00e1imat, hogy sz\u00e1mukra mi a fontos \u00e9s meg\u0151rzend\u0151 a v\u00e1llalati kult\u00far\u00e1nkban. Az egyik jellemz\u0151 v\u00e1lasz az volt, hogy sz\u00e1z sz\u00e1zal\u00e9kban magyar csal\u00e1di v\u00e1llalkoz\u00e1s vagyunk, ami tetten \u00e9rhet\u0151 a mindennapokban. Ezt meg kell \u0151rizn\u00fcnk. A m\u00e1sik a folyamatos fejl\u0151d\u00e9s, az innov\u00e1ci\u00f3. A sz\u00fcleinkt\u0151l kaptunk egy nagyon fontos \u00fatraval\u00f3t: ha j\u00f3l csin\u00e1lj\u00e1tok, az a ti \u00e9rdemetek, de akkor sincs baj, ha valami f\u00e9lre siker\u00fcl, \u00e1m \u00e9rdemes bel\u0151le tanulni.<\/p>\n<p><em>Lad\u00f3czki Istv\u00e1n:<\/em> \u00c9n arra vagyok a legb\u00fcszk\u00e9bb, hogy az \u00f6r\u00f6ks\u00e9get meg\u0151rizt\u00fck, felhelyezt\u00fck a c\u00e9get az ipar\u00e1g t\u00e9rk\u00e9p\u00e9re, meg\u00e1lljuk a hely\u00fcnket kem\u00e9ny piaci k\u00f6r\u00fclm\u00e9nyek k\u00f6z\u00f6tt, mindezt nagyszer\u0171 munkat\u00e1rsainkkal egy\u00fctt.<\/p>\n<p><img loading=\"lazy\" decoding=\"async\" class=\"size-full wp-image-1970 aligncenter\" src=\"https:\/\/ladorec.hu\/wp-content\/uploads\/2025\/07\/ladocki_csalad_masodik_generacio_lf.jpg\" alt=\"\" width=\"602\" height=\"451\" srcset=\"https:\/\/ladorec.hu\/wp-content\/uploads\/2025\/07\/ladocki_csalad_masodik_generacio_lf.jpg 602w, https:\/\/ladorec.hu\/wp-content\/uploads\/2025\/07\/ladocki_csalad_masodik_generacio_lf-300x225.jpg 300w, https:\/\/ladorec.hu\/wp-content\/uploads\/2025\/07\/ladocki_csalad_masodik_generacio_lf-16x12.jpg 16w, https:\/\/ladorec.hu\/wp-content\/uploads\/2025\/07\/ladocki_csalad_masodik_generacio_lf-100x75.jpg 100w, https:\/\/ladorec.hu\/wp-content\/uploads\/2025\/07\/ladocki_csalad_masodik_generacio_lf-480x360.jpg 480w\" sizes=\"(max-width:767px) 480px, 602px\" \/><\/p>\n<p style=\"text-align: center;\"><em>Lad\u00f3czki-Barab\u00e1s Brigitta,\u00a0<em>Lad\u00f3czki Istv\u00e1n \u00e9s\u00a0<em>dr. Lad\u00f3czki M\u00e1ria<\/em><\/em><\/em><\/p>\n<p><strong>Nagy a felel\u0151ss\u00e9g a v\u00e1llukon, emberek tucatjainak a meg\u00e9lhet\u00e9se f\u00fcgg \u00f6n\u00f6kt\u0151l. Ki tudnak kapcsolni? El tudj\u00e1k engedni a c\u00e9get fejben egy-egy kir\u00e1ndul\u00e1s vagy csal\u00e1di vacsora idej\u00e9re?<\/strong><\/p>\n<p><em>Lad\u00f3czki-Barab\u00e1s Brigitta:<\/em> A legt\u00f6bb gondolatunk a c\u00e9g k\u00f6r\u00fcl forgott, a csal\u00e1di asztaln\u00e1l is szoktunk szakm\u00e1zni, nagyon neh\u00e9z lenne megoldani, hogy ez ne \u00edgy legyen, de tudatosan t\u00f6reksz\u00fcnk arra, hogy kikapcsol\u00f3djunk.<\/p>\n<p><strong>Mennyire v\u00e1ltoztatta meg az \u00e9let\u00fcket az, hogy anyagilag is sikeresek?<\/strong><\/p>\n<p><em>dr. Lad\u00f3czki M\u00e1ria:<\/em> Soha nem felejtj\u00fck, hogy honnan indultak a sz\u00fcleink, \u00e9s ez is seg\u00edt abban, hogy a realit\u00e1s talaj\u00e1n maradjunk.<\/p>\n<p><em>Lad\u00f3czki Istv\u00e1n:<\/em> A neveltet\u00e9s\u00fcnkb\u0151l is az k\u00f6vetkezik,\u00a0hogy ragaszkodunk a bar\u00e1tainkhoz, megszokott k\u00f6z\u00f6ss\u00e9g\u00fcnkh\u00f6z. Nem felejtett\u00fck el, hogy honnan j\u00f6v\u00fcnk. A gyerekeinknek is azt adjuk tov\u00e1bb, hogy ha egy zseml\u00e9re van sz\u00fcks\u00e9ged, akkor csak egyet vegy\u00e9l el.\u00a0A mi \u00e9rt\u00e9krend\u00fcnk \u2013 amit nevezhet\u00fcnk ak\u00e1r konzervat\u00edvnak is \u2013 hossz\u00fa t\u00e1von is tarthat\u00f3.<\/p>\n<p><em>Lad\u00f3czki-Barab\u00e1s Brigitta:<\/em> \u00c9pp a napokban tal\u00e1lkoztam egy ismer\u0151s\u00f6mmel, akinek a f\u00e9rje n\u00e1lunk dolgozik. L\u00e1ttam az \u0151szinte \u00f6r\u00f6m\u00f6t az arc\u00e1n, amikor arr\u00f3l besz\u00e9lt, hogy nem v\u00e1ltoztunk meg, azok \u00e9s olyanok vagyunk, amilyennek sok-sok \u00e9ve megismert benn\u00fcnket.<\/p>\n<p><strong>\u00a0<\/strong><strong>Pedig az elm\u00falt n\u00e9h\u00e1ny \u00e9v \u2013 legal\u00e1bbis a gazdas\u00e1gi sz\u00ednt\u00e9ren \u2013 alaposan felforgatta valamennyi\u00fcnk \u00e9let\u00e9t. Volt \u00e9s van Covid, infl\u00e1ci\u00f3, energiav\u00e1ls\u00e1g, ami mind hat az \u00f6n\u00f6k ipar\u00e1g\u00e1ra is. Hogyan lehet \u00edgy strat\u00e9gi\u00e1t \u00e9p\u00edteni, megval\u00f3s\u00edtani?<\/strong><\/p>\n<p><em>Lad\u00f3czki Istv\u00e1n:<\/em> A Covid-j\u00e1rv\u00e1ny kit\u00f6r\u00e9sekor az els\u0151 dolog, amit mindenk\u00e9ppen meg akartunk oldani, az volt, hogy ne kelljen senkit sem elbocs\u00e1tani. A m\u00e1sodnyersanyagok piac\u00e1n<\/p>\n<table class=\"tab_kiemeles_idezet\" border=\"0\" cellspacing=\"0\" cellpadding=\"0\">\n<tbody>\n<tr>\n<td class=\"kiemeles_title\" align=\"left\" valign=\"bottom\">LAD\u00d3CZKI ISTV\u00c1N<\/td>\n<\/tr>\n<tr>\n<td class=\"kiemeles_idezet\" align=\"left\" valign=\"top\">&#8222;Sz\u00e1munkra nem a profitelv\u00e1r\u00e1s a legfontosabb, hanem a csal\u00e1dias c\u00e9gkult\u00fara \u00e9s a felel\u0151ss\u00e9gv\u00e1llal\u00e1s egym\u00e1s\u00e9rt, nem mell\u00e9kesen a F\u00f6ld\u00fcnk j\u00f6v\u0151j\u00e9\u00e9rt.&#8221;<\/td>\n<\/tr>\n<\/tbody>\n<\/table>\n<p>hirtelen fellend\u00fclt a kereslet, ami sz\u00e1munkra kedvez\u0151 volt, de ezt az elej\u00e9n m\u00e9g nem tudhattuk. Az energiav\u00e1ls\u00e1g kapcs\u00e1n m\u00e1r 2021 v\u00e9g\u00e9n l\u00e1ttuk, hogy valami t\u00f6rt\u00e9nni fog; az energia\u00e1rak az\u00f3ta drasztikusan n\u0151nek, mik\u00f6zben a mi term\u00e9keink ir\u00e1nti kereslet viszont cs\u00f6kkenni l\u00e1tszik, s\u0151t az \u00e9rt\u00e9kes\u00edt\u00e9si \u00e1rak zuhan\u00f3rep\u00fcl\u00e9sben vannak. Erre \u00f3vatos beruh\u00e1z\u00e1si strat\u00e9gi\u00e1val, feszes gazd\u00e1lkod\u00e1ssal reag\u00e1lunk annak \u00e9rdek\u00e9ben, hogy a legf\u0151bb er\u0151forr\u00e1sunkat, t\u00e1rsas\u00e1gunk legnagyobb \u00e9rt\u00e9k\u00e9t, a munkat\u00e1rsainkat tov\u00e1bbra is meg tudjuk tartani.<strong>\u00a0<\/strong><\/p>\n<p><strong>Eml\u00edtett\u00e9k a k\u00fclf\u00f6ldi v\u00e1s\u00e1rl\u00f3ikat, illetve hogy meg is l\u00e1togattak n\u00e9h\u00e1ny hasonl\u00f3 komplexit\u00e1s\u00fa hullad\u00e9kfeldolgoz\u00f3 \u00fczemet Nyugat-Eur\u00f3p\u00e1ban. Ki\u00e1llja az \u00f6sszehasonl\u00edt\u00e1st a Lad\u00f3-Rec balotasz\u00e1ll\u00e1si \u00fczeme?<\/strong><\/p>\n<p><em>dr. Lad\u00f3czki M\u00e1ria<\/em><em>:<\/em> A napokban j\u00e1rtak n\u00e1lunk n\u00e9met partnereink, akik pontosan azt \u00e1ll\u00edtott\u00e1k, amire \u00f6n r\u00e1k\u00e9rdezett: eur\u00f3pai sz\u00ednvonal\u00fa v\u00e1logat\u00f3, feldolgoz\u00f3 \u00fczemet vezet\u00fcnk, megfelel\u0151 szoci\u00e1lis helyis\u00e9gekkel kieg\u00e9sz\u00edtve, a saj\u00e1t kapacit\u00e1sainkra levet\u00edtve. B\u00fcszk\u00e9k vagyunk r\u00e1, hogy a tizenh\u00e1romezer n\u00e9gyzetm\u00e9teres \u00fczemet egy 1750 lakos\u00fa faluban hoztuk l\u00e9tre, 20 hekt\u00e1rnyi erd\u0151 \u00f6lel\u00e9s\u00e9ben \u2013 sz\u00e1munkra ez egy igazi kis \u00e9kszerdoboz.<\/p>\n<p><em><a href=\"http:\/\/www.lafemme.hu\/emberek\/2321_ertekteremtes_hulladekbol\">Forr\u00e1s<\/a><\/em><\/p>\n<\/div>","protected":false},"excerpt":{"rendered":"<p>A d\u00e9l-magyarorsz\u00e1gi Balotasz\u00e1ll\u00e1son m\u0171k\u00f6d\u0151 Lad\u00f3-Rec Kft. el\u0151dj\u00e9t 1992-ben egy ma m\u00e1r nyugd\u00edjas<span class=\"excerpt-hellip\"> [\u2026]<\/span><\/p>","protected":false},"author":3,"featured_media":1567,"comment_status":"closed","ping_status":"open","sticky":false,"template":"","format":"standard","meta":{"footnotes":"","_wp_rev_ctl_limit":""},"categories":[1],"tags":[],"class_list":["post-1965","post","type-post","status-publish","format-standard","has-post-thumbnail","hentry","category-egyeb"],"yoast_head":"<!-- This site is optimized with the Yoast SEO Premium plugin v23.2 (Yoast SEO v23.5) - https:\/\/yoast.com\/wordpress\/plugins\/seo\/ -->\n<title>\u00c9rt\u00e9kteremt\u00e9s hullad\u00e9kb\u00f3l - https:\/\/ladorec.hu<\/title>\n<meta name=\"description\" content=\"Egyszer\u0171 a k\u00fcldet\u00e9s\u00fcnk \u2013 egy \u00e9lhet\u0151bb \u00e9s jobb j\u00f6v\u0151\u00e9rt dolgozunk!\" \/>\n<meta name=\"robots\" content=\"index, follow, max-snippet:-1, max-image-preview:large, max-video-preview:-1\" \/>\n<link rel=\"canonical\" href=\"https:\/\/ladorec.hu\/de\/ertekteremtes-hulladekbol\/\" \/>\n<meta property=\"og:locale\" content=\"de_DE\" \/>\n<meta property=\"og:type\" content=\"article\" \/>\n<meta property=\"og:title\" content=\"\u00c9rt\u00e9kteremt\u00e9s hullad\u00e9kb\u00f3l\" \/>\n<meta property=\"og:description\" content=\"Egyszer\u0171 a k\u00fcldet\u00e9s\u00fcnk \u2013 egy \u00e9lhet\u0151bb \u00e9s jobb j\u00f6v\u0151\u00e9rt dolgozunk!\" \/>\n<meta property=\"og:url\" content=\"https:\/\/ladorec.hu\/de\/ertekteremtes-hulladekbol\/\" \/>\n<meta property=\"og:site_name\" content=\"https:\/\/ladorec.hu\" \/>\n<meta property=\"article:publisher\" content=\"https:\/\/www.facebook.com\/ladorec\/\" \/>\n<meta property=\"article:published_time\" content=\"2022-10-11T08:22:25+00:00\" \/>\n<meta property=\"article:modified_time\" content=\"2025-07-11T08:36:05+00:00\" \/>\n<meta property=\"og:image\" content=\"https:\/\/ladorec.hu\/wp-content\/uploads\/2024\/01\/lafemme.jpg\" \/>\n\t<meta property=\"og:image:width\" content=\"750\" \/>\n\t<meta property=\"og:image:height\" content=\"391\" \/>\n\t<meta property=\"og:image:type\" content=\"image\/jpeg\" \/>\n<meta name=\"author\" content=\"wpadmin\" \/>\n<meta name=\"twitter:card\" content=\"summary_large_image\" \/>\n<meta name=\"twitter:label1\" content=\"Verfasst von\" \/>\n\t<meta name=\"twitter:data1\" content=\"wpadmin\" \/>\n\t<meta name=\"twitter:label2\" content=\"Gesch\u00e4tzte Lesezeit\" \/>\n\t<meta name=\"twitter:data2\" content=\"11\u00a0Minuten\" \/>\n<script type=\"application\/ld+json\" class=\"yoast-schema-graph\">{\"@context\":\"https:\/\/schema.org\",\"@graph\":[{\"@type\":\"Article\",\"@id\":\"https:\/\/ladorec.hu\/ertekteremtes-hulladekbol\/#article\",\"isPartOf\":{\"@id\":\"https:\/\/ladorec.hu\/ertekteremtes-hulladekbol\/\"},\"author\":{\"name\":\"wpadmin\",\"@id\":\"https:\/\/ladorec.hu\/#\/schema\/person\/a934cb5c3dee980b1d47219c5342aa39\"},\"headline\":\"\u00c9rt\u00e9kteremt\u00e9s hullad\u00e9kb\u00f3l\",\"datePublished\":\"2022-10-11T08:22:25+00:00\",\"dateModified\":\"2025-07-11T08:36:05+00:00\",\"mainEntityOfPage\":{\"@id\":\"https:\/\/ladorec.hu\/ertekteremtes-hulladekbol\/\"},\"wordCount\":2903,\"publisher\":{\"@id\":\"https:\/\/ladorec.hu\/#organization\"},\"image\":{\"@id\":\"https:\/\/ladorec.hu\/ertekteremtes-hulladekbol\/#primaryimage\"},\"thumbnailUrl\":\"https:\/\/ladorec.hu\/wp-content\/uploads\/2024\/01\/lafemme.jpg\",\"articleSection\":[\"Egy\u00e9b kateg\u00f3ria\"],\"inLanguage\":\"de\"},{\"@type\":\"WebPage\",\"@id\":\"https:\/\/ladorec.hu\/ertekteremtes-hulladekbol\/\",\"url\":\"https:\/\/ladorec.hu\/ertekteremtes-hulladekbol\/\",\"name\":\"\u00c9rt\u00e9kteremt\u00e9s hullad\u00e9kb\u00f3l - https:\/\/ladorec.hu\",\"isPartOf\":{\"@id\":\"https:\/\/ladorec.hu\/#website\"},\"primaryImageOfPage\":{\"@id\":\"https:\/\/ladorec.hu\/ertekteremtes-hulladekbol\/#primaryimage\"},\"image\":{\"@id\":\"https:\/\/ladorec.hu\/ertekteremtes-hulladekbol\/#primaryimage\"},\"thumbnailUrl\":\"https:\/\/ladorec.hu\/wp-content\/uploads\/2024\/01\/lafemme.jpg\",\"datePublished\":\"2022-10-11T08:22:25+00:00\",\"dateModified\":\"2025-07-11T08:36:05+00:00\",\"description\":\"Egyszer\u0171 a k\u00fcldet\u00e9s\u00fcnk \u2013 egy \u00e9lhet\u0151bb \u00e9s jobb j\u00f6v\u0151\u00e9rt dolgozunk!\",\"breadcrumb\":{\"@id\":\"https:\/\/ladorec.hu\/ertekteremtes-hulladekbol\/#breadcrumb\"},\"inLanguage\":\"de\",\"potentialAction\":[{\"@type\":\"ReadAction\",\"target\":[\"https:\/\/ladorec.hu\/ertekteremtes-hulladekbol\/\"]}]},{\"@type\":\"ImageObject\",\"inLanguage\":\"de\",\"@id\":\"https:\/\/ladorec.hu\/ertekteremtes-hulladekbol\/#primaryimage\",\"url\":\"https:\/\/ladorec.hu\/wp-content\/uploads\/2024\/01\/lafemme.jpg\",\"contentUrl\":\"https:\/\/ladorec.hu\/wp-content\/uploads\/2024\/01\/lafemme.jpg\",\"width\":750,\"height\":391},{\"@type\":\"BreadcrumbList\",\"@id\":\"https:\/\/ladorec.hu\/ertekteremtes-hulladekbol\/#breadcrumb\",\"itemListElement\":[{\"@type\":\"ListItem\",\"position\":1,\"name\":\"Kezd\u0151lap\",\"item\":\"https:\/\/ladorec.hu\/\"},{\"@type\":\"ListItem\",\"position\":2,\"name\":\"\u00c9rt\u00e9kteremt\u00e9s hullad\u00e9kb\u00f3l\"}]},{\"@type\":\"WebSite\",\"@id\":\"https:\/\/ladorec.hu\/#website\",\"url\":\"https:\/\/ladorec.hu\/\",\"name\":\"Lad\u00f3-Rec Kft.\",\"description\":\"Egyszer\u0171 a k\u00fcldet\u00e9s\u00fcnk \u2013 egy \u00e9lhet\u0151bb \u00e9s jobb j\u00f6v\u0151\u00e9rt dolgozunk!\",\"publisher\":{\"@id\":\"https:\/\/ladorec.hu\/#organization\"},\"alternateName\":\"ladorec.hu\",\"potentialAction\":[{\"@type\":\"SearchAction\",\"target\":{\"@type\":\"EntryPoint\",\"urlTemplate\":\"https:\/\/ladorec.hu\/?s={search_term_string}\"},\"query-input\":{\"@type\":\"PropertyValueSpecification\",\"valueRequired\":true,\"valueName\":\"search_term_string\"}}],\"inLanguage\":\"de\"},{\"@type\":\"Organization\",\"@id\":\"https:\/\/ladorec.hu\/#organization\",\"name\":\"Lad\u00f3-Rec Kft.\",\"url\":\"https:\/\/ladorec.hu\/\",\"logo\":{\"@type\":\"ImageObject\",\"inLanguage\":\"de\",\"@id\":\"https:\/\/ladorec.hu\/#\/schema\/logo\/image\/\",\"url\":\"https:\/\/ladorec.hu\/wp-content\/uploads\/2024\/08\/logo-1.png\",\"contentUrl\":\"https:\/\/ladorec.hu\/wp-content\/uploads\/2024\/08\/logo-1.png\",\"width\":64,\"height\":64,\"caption\":\"Lad\u00f3-Rec Kft.\"},\"image\":{\"@id\":\"https:\/\/ladorec.hu\/#\/schema\/logo\/image\/\"},\"sameAs\":[\"https:\/\/www.facebook.com\/ladorec\/\"]},{\"@type\":\"Person\",\"@id\":\"https:\/\/ladorec.hu\/#\/schema\/person\/a934cb5c3dee980b1d47219c5342aa39\",\"name\":\"wpadmin\",\"image\":{\"@type\":\"ImageObject\",\"inLanguage\":\"de\",\"@id\":\"https:\/\/ladorec.hu\/#\/schema\/person\/image\/\",\"url\":\"https:\/\/secure.gravatar.com\/avatar\/ea9b14368493577ecbf040ac0f040d33?s=96&d=mm&r=g\",\"contentUrl\":\"https:\/\/secure.gravatar.com\/avatar\/ea9b14368493577ecbf040ac0f040d33?s=96&d=mm&r=g\",\"caption\":\"wpadmin\"}}]}<\/script>\n<!-- \/ Yoast SEO Premium plugin. -->","yoast_head_json":{"title":"\u00c9rt\u00e9kteremt\u00e9s hullad\u00e9kb\u00f3l - https:\/\/ladorec.hu","description":"Egyszer\u0171 a k\u00fcldet\u00e9s\u00fcnk \u2013 egy \u00e9lhet\u0151bb \u00e9s jobb j\u00f6v\u0151\u00e9rt dolgozunk!","robots":{"index":"index","follow":"follow","max-snippet":"max-snippet:-1","max-image-preview":"max-image-preview:large","max-video-preview":"max-video-preview:-1"},"canonical":"https:\/\/ladorec.hu\/de\/ertekteremtes-hulladekbol\/","og_locale":"de_DE","og_type":"article","og_title":"\u00c9rt\u00e9kteremt\u00e9s hullad\u00e9kb\u00f3l","og_description":"Egyszer\u0171 a k\u00fcldet\u00e9s\u00fcnk \u2013 egy \u00e9lhet\u0151bb \u00e9s jobb j\u00f6v\u0151\u00e9rt dolgozunk!","og_url":"https:\/\/ladorec.hu\/de\/ertekteremtes-hulladekbol\/","og_site_name":"https:\/\/ladorec.hu","article_publisher":"https:\/\/www.facebook.com\/ladorec\/","article_published_time":"2022-10-11T08:22:25+00:00","article_modified_time":"2025-07-11T08:36:05+00:00","og_image":[{"width":750,"height":391,"url":"https:\/\/ladorec.hu\/wp-content\/uploads\/2024\/01\/lafemme.jpg","type":"image\/jpeg"}],"author":"wpadmin","twitter_card":"summary_large_image","twitter_misc":{"Verfasst von":"wpadmin","Gesch\u00e4tzte Lesezeit":"11\u00a0Minuten"},"schema":{"@context":"https:\/\/schema.org","@graph":[{"@type":"Article","@id":"https:\/\/ladorec.hu\/ertekteremtes-hulladekbol\/#article","isPartOf":{"@id":"https:\/\/ladorec.hu\/ertekteremtes-hulladekbol\/"},"author":{"name":"wpadmin","@id":"https:\/\/ladorec.hu\/#\/schema\/person\/a934cb5c3dee980b1d47219c5342aa39"},"headline":"\u00c9rt\u00e9kteremt\u00e9s hullad\u00e9kb\u00f3l","datePublished":"2022-10-11T08:22:25+00:00","dateModified":"2025-07-11T08:36:05+00:00","mainEntityOfPage":{"@id":"https:\/\/ladorec.hu\/ertekteremtes-hulladekbol\/"},"wordCount":2903,"publisher":{"@id":"https:\/\/ladorec.hu\/#organization"},"image":{"@id":"https:\/\/ladorec.hu\/ertekteremtes-hulladekbol\/#primaryimage"},"thumbnailUrl":"https:\/\/ladorec.hu\/wp-content\/uploads\/2024\/01\/lafemme.jpg","articleSection":["Egy\u00e9b kateg\u00f3ria"],"inLanguage":"de"},{"@type":"WebPage","@id":"https:\/\/ladorec.hu\/ertekteremtes-hulladekbol\/","url":"https:\/\/ladorec.hu\/ertekteremtes-hulladekbol\/","name":"\u00c9rt\u00e9kteremt\u00e9s hullad\u00e9kb\u00f3l - https:\/\/ladorec.hu","isPartOf":{"@id":"https:\/\/ladorec.hu\/#website"},"primaryImageOfPage":{"@id":"https:\/\/ladorec.hu\/ertekteremtes-hulladekbol\/#primaryimage"},"image":{"@id":"https:\/\/ladorec.hu\/ertekteremtes-hulladekbol\/#primaryimage"},"thumbnailUrl":"https:\/\/ladorec.hu\/wp-content\/uploads\/2024\/01\/lafemme.jpg","datePublished":"2022-10-11T08:22:25+00:00","dateModified":"2025-07-11T08:36:05+00:00","description":"Egyszer\u0171 a k\u00fcldet\u00e9s\u00fcnk \u2013 egy \u00e9lhet\u0151bb \u00e9s jobb j\u00f6v\u0151\u00e9rt dolgozunk!","breadcrumb":{"@id":"https:\/\/ladorec.hu\/ertekteremtes-hulladekbol\/#breadcrumb"},"inLanguage":"de","potentialAction":[{"@type":"ReadAction","target":["https:\/\/ladorec.hu\/ertekteremtes-hulladekbol\/"]}]},{"@type":"ImageObject","inLanguage":"de","@id":"https:\/\/ladorec.hu\/ertekteremtes-hulladekbol\/#primaryimage","url":"https:\/\/ladorec.hu\/wp-content\/uploads\/2024\/01\/lafemme.jpg","contentUrl":"https:\/\/ladorec.hu\/wp-content\/uploads\/2024\/01\/lafemme.jpg","width":750,"height":391},{"@type":"BreadcrumbList","@id":"https:\/\/ladorec.hu\/ertekteremtes-hulladekbol\/#breadcrumb","itemListElement":[{"@type":"ListItem","position":1,"name":"Kezd\u0151lap","item":"https:\/\/ladorec.hu\/"},{"@type":"ListItem","position":2,"name":"\u00c9rt\u00e9kteremt\u00e9s hullad\u00e9kb\u00f3l"}]},{"@type":"WebSite","@id":"https:\/\/ladorec.hu\/#website","url":"https:\/\/ladorec.hu\/","name":"Lad\u00f3-Rec Kft.","description":"Egyszer\u0171 a k\u00fcldet\u00e9s\u00fcnk \u2013 egy \u00e9lhet\u0151bb \u00e9s jobb j\u00f6v\u0151\u00e9rt dolgozunk!","publisher":{"@id":"https:\/\/ladorec.hu\/#organization"},"alternateName":"ladorec.hu","potentialAction":[{"@type":"SearchAction","target":{"@type":"EntryPoint","urlTemplate":"https:\/\/ladorec.hu\/?s={search_term_string}"},"query-input":{"@type":"PropertyValueSpecification","valueRequired":true,"valueName":"search_term_string"}}],"inLanguage":"de"},{"@type":"Organization","@id":"https:\/\/ladorec.hu\/#organization","name":"Lad\u00f3-Rec Kft.","url":"https:\/\/ladorec.hu\/","logo":{"@type":"ImageObject","inLanguage":"de","@id":"https:\/\/ladorec.hu\/#\/schema\/logo\/image\/","url":"https:\/\/ladorec.hu\/wp-content\/uploads\/2024\/08\/logo-1.png","contentUrl":"https:\/\/ladorec.hu\/wp-content\/uploads\/2024\/08\/logo-1.png","width":64,"height":64,"caption":"Lad\u00f3-Rec Kft."},"image":{"@id":"https:\/\/ladorec.hu\/#\/schema\/logo\/image\/"},"sameAs":["https:\/\/www.facebook.com\/ladorec\/"]},{"@type":"Person","@id":"https:\/\/ladorec.hu\/#\/schema\/person\/a934cb5c3dee980b1d47219c5342aa39","name":"wpadmin","image":{"@type":"ImageObject","inLanguage":"de","@id":"https:\/\/ladorec.hu\/#\/schema\/person\/image\/","url":"https:\/\/secure.gravatar.com\/avatar\/ea9b14368493577ecbf040ac0f040d33?s=96&d=mm&r=g","contentUrl":"https:\/\/secure.gravatar.com\/avatar\/ea9b14368493577ecbf040ac0f040d33?s=96&d=mm&r=g","caption":"wpadmin"}}]}},"_links":{"self":[{"href":"https:\/\/ladorec.hu\/de\/wp-json\/wp\/v2\/posts\/1965"}],"collection":[{"href":"https:\/\/ladorec.hu\/de\/wp-json\/wp\/v2\/posts"}],"about":[{"href":"https:\/\/ladorec.hu\/de\/wp-json\/wp\/v2\/types\/post"}],"author":[{"embeddable":true,"href":"https:\/\/ladorec.hu\/de\/wp-json\/wp\/v2\/users\/3"}],"replies":[{"embeddable":true,"href":"https:\/\/ladorec.hu\/de\/wp-json\/wp\/v2\/comments?post=1965"}],"version-history":[{"count":4,"href":"https:\/\/ladorec.hu\/de\/wp-json\/wp\/v2\/posts\/1965\/revisions"}],"predecessor-version":[{"id":1972,"href":"https:\/\/ladorec.hu\/de\/wp-json\/wp\/v2\/posts\/1965\/revisions\/1972"}],"wp:featuredmedia":[{"embeddable":true,"href":"https:\/\/ladorec.hu\/de\/wp-json\/wp\/v2\/media\/1567"}],"wp:attachment":[{"href":"https:\/\/ladorec.hu\/de\/wp-json\/wp\/v2\/media?parent=1965"}],"wp:term":[{"taxonomy":"category","embeddable":true,"href":"https:\/\/ladorec.hu\/de\/wp-json\/wp\/v2\/categories?post=1965"},{"taxonomy":"post_tag","embeddable":true,"href":"https:\/\/ladorec.hu\/de\/wp-json\/wp\/v2\/tags?post=1965"}],"curies":[{"name":"wp","href":"https:\/\/api.w.org\/{rel}","templated":true}]}}